{"id":3635,"date":"2025-08-04T08:28:22","date_gmt":"2025-08-04T06:28:22","guid":{"rendered":"https:\/\/stadtm.de\/Rethem\/?p=3635"},"modified":"2025-08-04T08:31:43","modified_gmt":"2025-08-04T06:31:43","slug":"sehenswuerdigkeiten-rethem","status":"publish","type":"post","link":"https:\/\/stadtm.de\/Rethem\/sehenswuerdigkeiten-rethem\/","title":{"rendered":"Sehensw\u00fcrdigkeiten Rethem"},"content":{"rendered":"<h1>Sehensw\u00fcrdigkeiten Rethem \u2013 Entdecke die Vielfalt!<\/h1>\n<p>Rethem an der Aller, idyllisch eingebettet im Herzen der L\u00fcneburger Heide, ist mehr als nur ein ruhiger Flecken im Norden Niedersachsens. Ob Tagesausfl\u00fcgler, Urlauber oder Einheimische auf Entdeckungstour \u2013 die Samtgemeinde Rethem bietet eine \u00fcberraschend vielseitige Palette an <strong>Sehensw\u00fcrdigkeiten Rethem<\/strong> und <strong>Ausflugszielen Rethem<\/strong>, die Lust auf mehr machen.<\/p>\n<p>Aber was kann man in Rethem machen, wenn man nicht nur die Natur genie\u00dfen, sondern auch Kultur und Geschichte erleben m\u00f6chte? Genau das verraten wir dir in diesem Beitrag!<\/p>\n<h2>Natur pur: Die gr\u00fcne Seite von Rethem entdecken<\/h2>\n<h3>Die Aller \u2013 Flussidylle zum Entspannen und Erkunden<\/h3>\n<p>Die Aller, die sich malerisch durch Rethem schl\u00e4ngelt, ist ein echtes Highlight f\u00fcr Naturliebhaber. Ob gem\u00fctliche Spazierg\u00e4nge am Ufer, Kanutouren oder Vogelbeobachtungen \u2013 hier kannst du den Alltag hinter dir lassen und die Ruhe der Natur genie\u00dfen.<\/p>\n<p><strong>Tipp am Rand:<\/strong> Im Fr\u00fchling und Herbst lohnt sich eine Wanderung entlang des Aller-Radwegs, der durch die Samtgemeinde f\u00fchrt. Dabei kannst du nicht nur die vielf\u00e4ltige Flora und Fauna entdecken, sondern auch kleine Picknickpl\u00e4tze nutzen.<\/p>\n<h3>Naturschutzgebiet Allertal \u2013 Ein Paradies f\u00fcr Wanderer und Fotografen<\/h3>\n<p>Nur wenige Kilometer von Rethem entfernt liegt das <a href=\"https:\/\/www.dwds.de\/wb\/Naturschutzgebiet\" target=\"_blank\" rel=\"noopener nofollow\">Naturschutzgebiet<\/a> Allertal. Mit seinen weitl\u00e4ufigen Wiesen, Feuchtgebieten und Mischw\u00e4ldern ist es ein wahres Eldorado f\u00fcr Wanderfreunde und Naturfotografen.<\/p>\n<p><strong>Was kann man in Rethem machen?<\/strong> \u2013 Ein Ausflug ins Allertal ist perfekt f\u00fcr alle, die dem Trubel entfliehen und die Natur in ihrer urspr\u00fcnglichen Form erleben m\u00f6chten.<\/p>\n<h2>Architektur und Geschichte: Rethems kulturelles Erbe<\/h2>\n<h3>Die St.-Petri-Kirche \u2013 Ein historisches Schmuckst\u00fcck<\/h3>\n<p>Mit ihrer imposanten Backsteinfassade und dem markanten Turm ist die St.-Petri-Kirche eines der Wahrzeichen von Rethem. Die Kirche aus dem 13. Jahrhundert erz\u00e4hlt Geschichten aus l\u00e4ngst vergangenen Zeiten und beeindruckt mit ihrer schlichten Sch\u00f6nheit.<\/p>\n<p><strong>Tipp am Rand:<\/strong> Wer sich f\u00fcr Kirchenarchitektur interessiert, sollte unbedingt an einer der F\u00fchrungen teilnehmen, die regelm\u00e4\u00dfig angeboten werden.<\/p>\n<h3>Historisches Rathaus \u2013 Treffpunkt der Gemeinde<\/h3>\n<p>Das historische Rathaus von Rethem, ein liebevoll restauriertes Fachwerkgeb\u00e4ude, steht mitten im Ortskern und ist ein beliebter Fotospot. Es symbolisiert die lange Geschichte der Samtgemeinde und l\u00e4dt zum Verweilen auf dem angrenzenden Marktplatz ein.<\/p>\n<figure id=\"attachment_3638\" aria-describedby=\"caption-attachment-3638\" style=\"width: 1024px\" class=\"wp-caption alignnone\"><img fetchpriority=\"high\" decoding=\"async\" class=\"wp-image-3638 size-large\" title=\"Sehensw\u00fcrdigkeiten Rethem\" src=\"https:\/\/stadtm.de\/Rethem\/wp-content\/uploads\/2025\/08\/Sehenswuerdigkeiten-Rethem-1024x682.jpg\" alt=\"Sehensw\u00fcrdigkeiten Rethem\" width=\"1024\" height=\"682\" srcset=\"https:\/\/stadtm.de\/Rethem\/wp-content\/uploads\/2025\/08\/Sehenswuerdigkeiten-Rethem-1024x682.jpg 1024w, https:\/\/stadtm.de\/Rethem\/wp-content\/uploads\/2025\/08\/Sehenswuerdigkeiten-Rethem-300x200.jpg 300w, https:\/\/stadtm.de\/Rethem\/wp-content\/uploads\/2025\/08\/Sehenswuerdigkeiten-Rethem-768x512.jpg 768w, https:\/\/stadtm.de\/Rethem\/wp-content\/uploads\/2025\/08\/Sehenswuerdigkeiten-Rethem-1536x1024.jpg 1536w, https:\/\/stadtm.de\/Rethem\/wp-content\/uploads\/2025\/08\/Sehenswuerdigkeiten-Rethem-600x400.jpg 600w, https:\/\/stadtm.de\/Rethem\/wp-content\/uploads\/2025\/08\/Sehenswuerdigkeiten-Rethem.jpg 2000w\" sizes=\"(max-width: 1024px) 100vw, 1024px\" \/><figcaption id=\"caption-attachment-3638\" class=\"wp-caption-text\">Sehensw\u00fcrdigkeiten Rethem<\/figcaption><\/figure>\n<h2>Museen und Kultur: Mehr als nur Geschichte<\/h2>\n<h3>Heimatmuseum Rethem \u2013 Einblick in das Leben vergangener Zeiten<\/h3>\n<p>Das Heimatmuseum zeigt Exponate aus dem Alltag der Region, von alten Handwerksger\u00e4ten bis zu historischen Fotos. Hier erf\u00e4hrst du, wie die Menschen in Rethem fr\u00fcher gelebt und gearbeitet haben.<\/p>\n<p><strong>Was kann man in Rethem machen?<\/strong> \u2013 Ein Besuch im Heimatmuseum ist ideal, um die Geschichte der Samtgemeinde lebendig werden zu lassen.<\/p>\n<h3>Kulturveranstaltungen und Feste \u2013 Gemeinschaft erleben<\/h3>\n<p>Regelm\u00e4\u00dfig finden in Rethem kulturelle Veranstaltungen statt, von Konzerten \u00fcber Theater bis hin zu traditionellen Festen. Besonders das j\u00e4hrliche Allerfest zieht Besucher aus der ganzen Region an.<\/p>\n<h2>Freizeit und Familienausfl\u00fcge: Spa\u00df f\u00fcr Gro\u00df und Klein<\/h2>\n<h3>Spielplatz und Freizeitpark am Allerufer<\/h3>\n<p>F\u00fcr Familien mit Kindern bietet Rethem einen sch\u00f6nen Spielplatz direkt am Ufer der Aller. Hier k\u00f6nnen die Kleinen toben, w\u00e4hrend die Eltern die Aussicht auf den Fluss genie\u00dfen.<\/p>\n<h3>Radfahren und Wandern \u2013 Aktiv unterwegs in Rethem<\/h3>\n<p>Die gut ausgeschilderten Rad- und Wanderwege rund um Rethem laden zu aktiven Ausfl\u00fcgen ein. Ob gem\u00fctlich oder sportlich \u2013 hier findet jeder sein passendes Tempo.<\/p>\n<h2>Kulinarische Tipps: So schmeckt Rethem<\/h2>\n<p>Nach einem ereignisreichen Tag laden die lokalen Gasth\u00e4user und Caf\u00e9s zum Verweilen ein. Regionale Spezialit\u00e4ten wie Wildgerichte aus der L\u00fcneburger Heide oder frisch gefangener Fisch von der Aller sorgen f\u00fcr das leibliche Wohl.<\/p>\n<h2>Was kann man in Rethem machen? \u2013 Vielf\u00e4ltige Ausflugsziele f\u00fcr jeden Geschmack<\/h2>\n<p>Die Samtgemeinde Rethem \u00fcberzeugt mit einer gelungenen Mischung aus Naturerlebnis, kulturellem Erbe und Freizeitm\u00f6glichkeiten. Egal, ob du Ruhe suchst, Geschichte entdecken m\u00f6chtest oder mit der Familie unterwegs bist \u2013 hier findest du zahlreiche <strong>Sehensw\u00fcrdigkeiten Rethem<\/strong> und <strong>Ausflugsziele Rethem<\/strong>, die deinen Besuch unvergesslich machen.<\/p>\n<p><strong>Noch mehr Tipps gef\u00e4llig?<\/strong> Schau doch mal bei StadtM vorbei \u2013 deinem interaktiven Stadtmagazin f\u00fcr Rethem und Umgebung! Hier findest du aktuelle Veranstaltungshinweise, Insider-Tipps und vieles mehr rund um deine Entdeckungstour in Rethem.<br \/>\nIhr Team von <a href=\"https:\/\/stadtm.de\/\">StadtM<\/a><\/p>\n","protected":false},"excerpt":{"rendered":"<p>Sehensw\u00fcrdigkeiten Rethem \u2013 Entdecke die Vielfalt! Rethem an der Aller, idyllisch eingebettet im Herzen der L\u00fcneburger Heide, ist mehr als nur ein ruhiger Flecken im Norden Niedersachsens. Ob Tagesausfl\u00fcgler, Urlauber oder Einheimische auf Entdeckungstour \u2013 die Samtgemeinde Rethem bietet eine \u00fcberraschend vielseitige Palette an Sehensw\u00fcrdigkeiten Rethem und Ausflugszielen Rethem, die Lust auf mehr machen. Aber [&hellip;]<\/p>\n","protected":false},"author":3,"featured_media":3638,"comment_status":"closed","ping_status":"closed","sticky":false,"template":"","format":"standard","meta":{"footnotes":""},"categories":[1],"tags":[],"class_list":["post-3635","post","type-post","status-publish","format-standard","has-post-thumbnail","hentry","category-magazin"],"acf":[],"_links":{"self":[{"href":"https:\/\/stadtm.de\/Rethem\/wp-json\/wp\/v2\/posts\/3635","targetHints":{"allow":["GET"]}}],"collection":[{"href":"https:\/\/stadtm.de\/Rethem\/wp-json\/wp\/v2\/posts"}],"about":[{"href":"https:\/\/stadtm.de\/Rethem\/wp-json\/wp\/v2\/types\/post"}],"author":[{"embeddable":true,"href":"https:\/\/stadtm.de\/Rethem\/wp-json\/wp\/v2\/users\/3"}],"replies":[{"embeddable":true,"href":"https:\/\/stadtm.de\/Rethem\/wp-json\/wp\/v2\/comments?post=3635"}],"version-history":[{"count":4,"href":"https:\/\/stadtm.de\/Rethem\/wp-json\/wp\/v2\/posts\/3635\/revisions"}],"predecessor-version":[{"id":3640,"href":"https:\/\/stadtm.de\/Rethem\/wp-json\/wp\/v2\/posts\/3635\/revisions\/3640"}],"wp:featuredmedia":[{"embeddable":true,"href":"https:\/\/stadtm.de\/Rethem\/wp-json\/wp\/v2\/media\/3638"}],"wp:attachment":[{"href":"https:\/\/stadtm.de\/Rethem\/wp-json\/wp\/v2\/media?parent=3635"}],"wp:term":[{"taxonomy":"category","embeddable":true,"href":"https:\/\/stadtm.de\/Rethem\/wp-json\/wp\/v2\/categories?post=3635"},{"taxonomy":"post_tag","embeddable":true,"href":"https:\/\/stadtm.de\/Rethem\/wp-json\/wp\/v2\/tags?post=3635"}],"curies":[{"name":"wp","href":"https:\/\/api.w.org\/{rel}","templated":true}]}}