{"id":3629,"date":"2025-08-04T08:24:24","date_gmt":"2025-08-04T06:24:24","guid":{"rendered":"https:\/\/stadtm.de\/Rethem\/?p=3629"},"modified":"2025-08-04T08:26:01","modified_gmt":"2025-08-04T06:26:01","slug":"geschichte-rethem","status":"publish","type":"post","link":"https:\/\/stadtm.de\/Rethem\/geschichte-rethem\/","title":{"rendered":"Geschichte Rethem"},"content":{"rendered":"<h2><strong>Geschichte Rethem &#8211; Ein Blick auf Historie und Stadtentwicklung<\/strong><\/h2>\n<p>Die Samtgemeinde Rethem, gelegen im nieders\u00e4chsischen Landkreis Heidekreis, blickt auf eine vielf\u00e4ltige und bewegte Geschichte zur\u00fcck. F\u00fcr Einheimische, Touristen und historisch Interessierte bietet die Region nicht nur landschaftliche Reize, sondern auch spannende Einblicke in die Entwicklung einer Gemeinde, die sich \u00fcber Jahrhunderte hinweg wandelte und an Bedeutung gewann.<\/p>\n<p>Dieser Artikel beleuchtet die Historie Rethems, zeigt Rethem fr\u00fcher im Wandel der Zeit und erkl\u00e4rt die wesentlichen Aspekte der Stadtentwicklung Rethems. Erg\u00e4nzend dazu steht ein interaktiver Stadtplan zur Verf\u00fcgung, der historische Orte und Sehensw\u00fcrdigkeiten digital erlebbar macht.<\/p>\n<h3><strong>Historie Rethem: Von den Anf\u00e4ngen bis zum Mittelalter<\/strong><\/h3>\n<p><strong>Fr\u00fchzeit und erste Siedlungen<br \/>\n<\/strong>Die Geschichte Rethems beginnt bereits in der Fr\u00fchzeit, als die fruchtbaren B\u00f6den an der Aller erste Siedlungen erm\u00f6glichten. Arch\u00e4ologische Funde deuten darauf hin, dass das Gebiet schon in der Jungsteinzeit besiedelt war. Die Lage an der Aller war strategisch g\u00fcnstig f\u00fcr Handel und Verkehr, was die Ansiedlung beg\u00fcnstigte.<\/p>\n<p>Im Mittelalter entwickelte sich Rethem zu einem kleinen, aber wichtigen Handelsplatz. Die erste urkundliche Erw\u00e4hnung datiert auf das 13. Jahrhundert, als Rethem als Dorf im Einflussbereich der Herz\u00f6ge von Braunschweig-L\u00fcneburg erw\u00e4hnt wurde.<\/p>\n<p>Die N\u00e4he zur Aller erm\u00f6glichte den Transport von G\u00fctern und f\u00f6rderte die wirtschaftliche Entwicklung.<\/p>\n<p><strong>Rethem fr\u00fcher: Mittelalterliche Strukturen und Einfluss der Hanse<br \/>\n<\/strong>Im Sp\u00e4tmittelalter profitierte Rethem von seiner Lage an wichtigen Handelswegen. Die Region war Teil des Hansebundes, was den Handel mit anderen norddeutschen St\u00e4dten erleichterte. Rethem entwickelte sich zu einem regionalen Zentrum f\u00fcr Landwirtschaft und Handwerk.<\/p>\n<p>Die mittelalterliche Stadtstruktur zeigt sich noch heute in Teilen der Altstadt, die durch enge Gassen und historische Geb\u00e4ude gepr\u00e4gt ist. Kirchen und \u00f6ffentliche Geb\u00e4ude aus dieser Zeit zeugen von der Bedeutung Rethems als Verwaltungssitz und religi\u00f6sem Zentrum.<\/p>\n<h3><strong>Stadtentwicklung Rethem: Vom 19. Jahrhundert bis zur Gegenwart<\/strong><\/h3>\n<p><strong>Industrialisierung und Modernisierung<br \/>\n<\/strong>Mit dem Einsetzen der Industrialisierung im 19. Jahrhundert ver\u00e4nderte sich Rethem grundlegend. Die Einf\u00fchrung der Eisenbahn und der Ausbau der Verkehrswege st\u00e4rkten die wirtschaftliche Vernetzung der Gemeinde. Fabriken und Handwerksbetriebe entstanden, was zu einem Bev\u00f6lkerungswachstum f\u00fchrte.<\/p>\n<p>Die Stadtentwicklung Rethems in dieser Zeit war gepr\u00e4gt von der Modernisierung der Infrastruktur. Schulen, Krankenh\u00e4user und \u00f6ffentliche Einrichtungen wurden gebaut, um den Bed\u00fcrfnissen der wachsenden Bev\u00f6lkerung gerecht zu werden. Gleichzeitig blieb Rethem seiner landwirtschaftlichen Tradition verbunden.<\/p>\n<p><strong>Rethem im 20. Jahrhundert: Kriege und Wiederaufbau<br \/>\n<\/strong>Die beiden Weltkriege hinterlie\u00dfen auch in Rethem Spuren. W\u00e4hrend des Zweiten Weltkriegs kam es zu Zerst\u00f6rungen, die den Wiederaufbau nach 1945 notwendig machten. Die Nachkriegszeit war gepr\u00e4gt von einem wirtschaftlichen Aufschwung und einer verst\u00e4rkten Integration in die Bundesrepublik Deutschland.<\/p>\n<p>In den 1970er Jahren wurde die Samtgemeinde Rethem gegr\u00fcndet, die mehrere Gemeinden und Ortschaften unter einer Verwaltung vereint. Dies f\u00f6rderte die regionale Zusammenarbeit und die gemeinsame Stadtentwicklung.<\/p>\n<p><strong>Rethem heute: Nachhaltigkeit und Tourismus<br \/>\n<\/strong>Heute setzt Rethem verst\u00e4rkt auf nachhaltige Stadtentwicklung. Projekte zur Energieeffizienz, zum Erhalt historischer Geb\u00e4ude und zur F\u00f6rderung des Tourismus pr\u00e4gen das Bild der Gemeinde.<\/p>\n<p>Der interaktive Stadtplan im digitalen Stadtmagazin erm\u00f6glicht es Besuchern und Einheimischen, die Geschichte Rethems virtuell zu entdecken und historische Orte gezielt anzusteuern.<\/p>\n<figure id=\"attachment_3632\" aria-describedby=\"caption-attachment-3632\" style=\"width: 1024px\" class=\"wp-caption alignnone\"><img fetchpriority=\"high\" decoding=\"async\" class=\"wp-image-3632 size-large\" title=\"Geschichte Rethem\" src=\"https:\/\/stadtm.de\/Rethem\/wp-content\/uploads\/2025\/08\/Geschichte-Rethem-1024x769.jpg\" alt=\"Geschichte Rethem\" width=\"1024\" height=\"769\" srcset=\"https:\/\/stadtm.de\/Rethem\/wp-content\/uploads\/2025\/08\/Geschichte-Rethem-1024x769.jpg 1024w, https:\/\/stadtm.de\/Rethem\/wp-content\/uploads\/2025\/08\/Geschichte-Rethem-300x225.jpg 300w, https:\/\/stadtm.de\/Rethem\/wp-content\/uploads\/2025\/08\/Geschichte-Rethem-768x576.jpg 768w, https:\/\/stadtm.de\/Rethem\/wp-content\/uploads\/2025\/08\/Geschichte-Rethem-1536x1153.jpg 1536w, https:\/\/stadtm.de\/Rethem\/wp-content\/uploads\/2025\/08\/Geschichte-Rethem-600x450.jpg 600w, https:\/\/stadtm.de\/Rethem\/wp-content\/uploads\/2025\/08\/Geschichte-Rethem.jpg 2000w\" sizes=\"(max-width: 1024px) 100vw, 1024px\" \/><figcaption id=\"caption-attachment-3632\" class=\"wp-caption-text\">Geschichte Rethem<\/figcaption><\/figure>\n<h3><strong>Historische Sehensw\u00fcrdigkeiten und kulturelle Highlights in Rethem<\/strong><\/h3>\n<p><strong>Die Aller und ihre Bedeutung<br \/>\n<\/strong>Die Aller ist nicht nur geographisches Merkmal, sondern auch ein wichtiger Bestandteil der Geschichte Rethems. <a href=\"https:\/\/www.dwds.de\/wb\/Flussschifffahrt\" target=\"_blank\" rel=\"noopener nofollow\">Flussschifffahrt<\/a> und Fischerei pr\u00e4gten die lokale Wirtschaft \u00fcber Jahrhunderte. Heute laden Uferpromenaden und Naturpfade zum Verweilen und Erkunden ein.<\/p>\n<p><strong>Kirchen und historische Bauten<br \/>\n<\/strong>Die St.-Petri-Kirche, deren Urspr\u00fcnge bis ins Mittelalter zur\u00fcckreichen, ist ein bedeutendes Bauwerk der Samtgemeinde. Sie steht f\u00fcr die religi\u00f6se und kulturelle Entwicklung Rethems. Weitere historische Geb\u00e4ude, darunter Fachwerkh\u00e4user und ehemalige Handwerksbetriebe, zeugen von der lebendigen Vergangenheit.<\/p>\n<h3><strong>Geschichte Rethem als Fundament f\u00fcr die Zukunft<\/strong><\/h3>\n<p>Die Historie Rethems ist eng mit der nat\u00fcrlichen Umgebung und den wirtschaftlichen Entwicklungen der Region verbunden. Von den fr\u00fchen Siedlungen \u00fcber die mittelalterliche Bl\u00fctezeit bis hin zur modernen Stadtentwicklung zeigt sich eine Gemeinde, die sich stetig wandelt und anpasst.<\/p>\n<p>F\u00fcr Einheimische bietet das Wissen um die Geschichte Rethems ein Bewusstsein f\u00fcr die eigene Identit\u00e4t, w\u00e4hrend Touristen und historisch Interessierte zahlreiche Ankn\u00fcpfungspunkte f\u00fcr eine spannende Erkundung finden.<\/p>\n<p>Der interaktive Stadtplan im digitalen Stadtmagazin erg\u00e4nzt diesen \u00dcberblick um eine praktische Komponente: Historische St\u00e4tten und Informationen sind so jederzeit zug\u00e4nglich und machen die Geschichte Rethems erlebbar.<\/p>\n<p><strong>Entdecken Sie die Geschichte Rethems \u2013 digital und vor Ort!<\/strong> Nutzen Sie den interaktiven Stadtplan, um die Historie Rethems selbst zu erkunden und die Stadtentwicklung hautnah zu erleben.<br \/>\nIhr Team von <a href=\"https:\/\/stadtm.de\/\">StadtM<\/a><\/p>\n","protected":false},"excerpt":{"rendered":"<p>Geschichte Rethem &#8211; Ein Blick auf Historie und Stadtentwicklung Die Samtgemeinde Rethem, gelegen im nieders\u00e4chsischen Landkreis Heidekreis, blickt auf eine vielf\u00e4ltige und bewegte Geschichte zur\u00fcck. F\u00fcr Einheimische, Touristen und historisch Interessierte bietet die Region nicht nur landschaftliche Reize, sondern auch spannende Einblicke in die Entwicklung einer Gemeinde, die sich \u00fcber Jahrhunderte hinweg wandelte und an [&hellip;]<\/p>\n","protected":false},"author":3,"featured_media":3632,"comment_status":"closed","ping_status":"closed","sticky":false,"template":"","format":"standard","meta":{"footnotes":""},"categories":[1],"tags":[],"class_list":["post-3629","post","type-post","status-publish","format-standard","has-post-thumbnail","hentry","category-magazin"],"acf":[],"_links":{"self":[{"href":"https:\/\/stadtm.de\/Rethem\/wp-json\/wp\/v2\/posts\/3629","targetHints":{"allow":["GET"]}}],"collection":[{"href":"https:\/\/stadtm.de\/Rethem\/wp-json\/wp\/v2\/posts"}],"about":[{"href":"https:\/\/stadtm.de\/Rethem\/wp-json\/wp\/v2\/types\/post"}],"author":[{"embeddable":true,"href":"https:\/\/stadtm.de\/Rethem\/wp-json\/wp\/v2\/users\/3"}],"replies":[{"embeddable":true,"href":"https:\/\/stadtm.de\/Rethem\/wp-json\/wp\/v2\/comments?post=3629"}],"version-history":[{"count":4,"href":"https:\/\/stadtm.de\/Rethem\/wp-json\/wp\/v2\/posts\/3629\/revisions"}],"predecessor-version":[{"id":3634,"href":"https:\/\/stadtm.de\/Rethem\/wp-json\/wp\/v2\/posts\/3629\/revisions\/3634"}],"wp:featuredmedia":[{"embeddable":true,"href":"https:\/\/stadtm.de\/Rethem\/wp-json\/wp\/v2\/media\/3632"}],"wp:attachment":[{"href":"https:\/\/stadtm.de\/Rethem\/wp-json\/wp\/v2\/media?parent=3629"}],"wp:term":[{"taxonomy":"category","embeddable":true,"href":"https:\/\/stadtm.de\/Rethem\/wp-json\/wp\/v2\/categories?post=3629"},{"taxonomy":"post_tag","embeddable":true,"href":"https:\/\/stadtm.de\/Rethem\/wp-json\/wp\/v2\/tags?post=3629"}],"curies":[{"name":"wp","href":"https:\/\/api.w.org\/{rel}","templated":true}]}}